{"id":97,"date":"2005-03-24T21:13:15","date_gmt":"2005-03-24T21:13:15","guid":{"rendered":"http:\/\/www.patrickmoisan.net\/blogue\/?p=97"},"modified":"2011-08-03T19:49:40","modified_gmt":"2011-08-03T23:49:40","slug":"lunion-fait-la-force","status":"publish","type":"post","link":"https:\/\/www.patrickmoisan.net\/blogue\/2005\/03\/24\/lunion-fait-la-force\/","title":{"rendered":"L&rsquo;union fait la force"},"content":{"rendered":"<p>Fournier rejette la proposition des \u00e9tudiants.<\/p>\n<p>J&rsquo;ai h\u00e9sit\u00e9 un peu avant d&rsquo;\u00e9crire sur ce sujet, car mon opinion est plus articul\u00e9 que la remarque que je vais faire ci-dessous. Mais bon, faute d&rsquo;avoir le temps d&rsquo;\u00e9crire un texte argumentatif, je me mouille tout de m\u00eame. Et vous qu&rsquo;en pensez-vous?<\/p>\n<blockquote><p>\u00abIl ne s&rsquo;agit pas d&rsquo;une v\u00e9ritable proposition puisqu&rsquo;ils demandent encore la m\u00eame chose qu&rsquo;hier et avant-hier, soit 103 millions $\u00bb, a estim\u00e9 le ministre. [&#8230;] \u00abJ&rsquo;attends que les \u00e9tudiants fassent un bout de chemin, a-t-il r\u00e9p\u00e9t\u00e9. C&rsquo;est \u00e0 eux de le faire. Comme dans toute situation comme celle-l\u00e0, on ne peut pas simplement dire: Moi, je reste camp\u00e9 sur mes positions. C&rsquo;est du jusqu&rsquo;au-boutisme. Il faut \u00e0 un moment donn\u00e9 que les \u00e9tudiants fassent aussi un bout de chemin.\u00bb (<a href=\"http:\/\/www.cyberpresse.ca\/actualites\/article\/article_complet.php?path=\/actualites\/article\/24\/1,63,0,032005,968879.php\">Cyberpresse<\/a>)<\/p><\/blockquote>\n<p>D\u00e9sol\u00e9 monsieur le ministre, mais conserver le cap sur un objectif (le retour des 103 millions en bourses) n&rsquo;est pas ce que l&rsquo;on peut appeler \u00abpas une v\u00e9ritable proposition\u00bb. Est-ce donc \u00e0 dire que vous n&rsquo;allez accepter qu&rsquo;une diminution de leur revendication alors que vous, vous leur avez enlev\u00e9 le tout sans m\u00eame crier garde? C&rsquo;est \u00e0 force de d\u00e9termination que les grandes causes ont chemin\u00e9. Certains disent que les jeunes ne veulent que des \u00abpetites vacances\u00bb et qu&rsquo;ils \u00abne militent pas pour une cause aussi grande que dans notre temps\u00bb. D\u00e9sol\u00e9, mais je ne suis pas d&rsquo;accord avec ces deux points de vue. N&rsquo;en d\u00e9plaisse \u00e0 certains, l&rsquo;\u00e9ducation pour tous est une grande cause. Nos jeunes se forment en ce moment \u00e0 devenir des citoyens actifs et avertis. C&rsquo;est cela une d\u00e9mocratie. Ils en sortiront des citoyens grandis et ils ne percevront plus jamais l&rsquo;\u00e9ducation sous le m\u00eame regard.<\/p>\n","protected":false},"excerpt":{"rendered":"<p>Fournier rejette la proposition des \u00e9tudiants. J&rsquo;ai h\u00e9sit\u00e9 un peu avant d&rsquo;\u00e9crire sur ce sujet, car mon opinion est plus articul\u00e9 que la remarque que je vais faire ci-dessous. Mais bon, faute d&rsquo;avoir le temps d&rsquo;\u00e9crire un texte argumentatif, je me mouille tout de m\u00eame. Et vous qu&rsquo;en pensez-vous? \u00abIl ne s&rsquo;agit pas d&rsquo;une v\u00e9ritable &hellip; <a href=\"https:\/\/www.patrickmoisan.net\/blogue\/2005\/03\/24\/lunion-fait-la-force\/\" class=\"more-link\">Continuer la lecture<span class=\"screen-reader-text\"> de &laquo;&nbsp;L&rsquo;union fait la force&nbsp;&raquo;<\/span><\/a><\/p>\n","protected":false},"author":2,"featured_media":0,"comment_status":"open","ping_status":"open","sticky":false,"template":"","format":"standard","meta":{"footnotes":""},"categories":[15,9],"tags":[],"class_list":["post-97","post","type-post","status-publish","format-standard","hentry","category-archive-matheux-curieux","category-education"],"_links":{"self":[{"href":"https:\/\/www.patrickmoisan.net\/blogue\/wp-json\/wp\/v2\/posts\/97","targetHints":{"allow":["GET"]}}],"collection":[{"href":"https:\/\/www.patrickmoisan.net\/blogue\/wp-json\/wp\/v2\/posts"}],"about":[{"href":"https:\/\/www.patrickmoisan.net\/blogue\/wp-json\/wp\/v2\/types\/post"}],"author":[{"embeddable":true,"href":"https:\/\/www.patrickmoisan.net\/blogue\/wp-json\/wp\/v2\/users\/2"}],"replies":[{"embeddable":true,"href":"https:\/\/www.patrickmoisan.net\/blogue\/wp-json\/wp\/v2\/comments?post=97"}],"version-history":[{"count":2,"href":"https:\/\/www.patrickmoisan.net\/blogue\/wp-json\/wp\/v2\/posts\/97\/revisions"}],"predecessor-version":[{"id":283,"href":"https:\/\/www.patrickmoisan.net\/blogue\/wp-json\/wp\/v2\/posts\/97\/revisions\/283"}],"wp:attachment":[{"href":"https:\/\/www.patrickmoisan.net\/blogue\/wp-json\/wp\/v2\/media?parent=97"}],"wp:term":[{"taxonomy":"category","embeddable":true,"href":"https:\/\/www.patrickmoisan.net\/blogue\/wp-json\/wp\/v2\/categories?post=97"},{"taxonomy":"post_tag","embeddable":true,"href":"https:\/\/www.patrickmoisan.net\/blogue\/wp-json\/wp\/v2\/tags?post=97"}],"curies":[{"name":"wp","href":"https:\/\/api.w.org\/{rel}","templated":true}]}}