{"id":69,"date":"2005-05-11T20:23:59","date_gmt":"2005-05-11T20:23:59","guid":{"rendered":"http:\/\/www.patrickmoisan.net\/blogue\/?p=69"},"modified":"2011-08-03T18:50:42","modified_gmt":"2011-08-03T22:50:42","slug":"emf-2006","status":"publish","type":"post","link":"https:\/\/www.patrickmoisan.net\/blogue\/2005\/05\/11\/emf-2006\/","title":{"rendered":"EMF 2006"},"content":{"rendered":"<p>Le troisi\u00e8me congr\u00e8s <a href=\"http:\/\/emf2006.educ.usherbrooke.ca\">Espace Math\u00e9matique Francophone (EMF)<\/a>, apr\u00e8s <a href=\"http:\/\/em2000.imag.fr\/\">Grenoble<\/a> (2000) et <a href=\"http:\/\/www.edunet.tn\/emf2003\/index.html\">Tozeur<\/a> (2003), se d\u00e9roulera \u00e0 Sherbrooke sous le th\u00e8me <strong>L\u2019enseignement des math\u00e9matiques face aux d\u00e9fis de l\u2019\u00e9cole et des communaut\u00e9s<\/strong>. Organis\u00e9 en collaboration avec le GRMS et l\u2019AMQ, le colloque se tiendra du samedi 27 au mercredi 31 mai 2006. Il sera suivi des rencontres du <a href=\"http:\/\/www.grms.qc.ca\">GRMS<\/a> et de l\u2019<a href=\"http:\/\/www.mlink.net\/%7eamq\/AMQ\/\">AMQ<\/a>.<\/p>\n","protected":false},"excerpt":{"rendered":"<p>Le troisi\u00e8me congr\u00e8s Espace Math\u00e9matique Francophone (EMF), apr\u00e8s Grenoble (2000) et Tozeur (2003), se d\u00e9roulera \u00e0 Sherbrooke sous le th\u00e8me L\u2019enseignement des math\u00e9matiques face aux d\u00e9fis de l\u2019\u00e9cole et des communaut\u00e9s. Organis\u00e9 en collaboration avec le GRMS et l\u2019AMQ, le colloque se tiendra du samedi 27 au mercredi 31 mai 2006. Il sera suivi des &hellip; <a href=\"https:\/\/www.patrickmoisan.net\/blogue\/2005\/05\/11\/emf-2006\/\" class=\"more-link\">Continuer la lecture<span class=\"screen-reader-text\"> de &laquo;&nbsp;EMF 2006&nbsp;&raquo;<\/span><\/a><\/p>\n","protected":false},"author":2,"featured_media":0,"comment_status":"open","ping_status":"open","sticky":false,"template":"","format":"standard","meta":{"footnotes":""},"categories":[15,8],"tags":[],"class_list":["post-69","post","type-post","status-publish","format-standard","hentry","category-archive-matheux-curieux","category-enseignement-maths"],"_links":{"self":[{"href":"https:\/\/www.patrickmoisan.net\/blogue\/wp-json\/wp\/v2\/posts\/69","targetHints":{"allow":["GET"]}}],"collection":[{"href":"https:\/\/www.patrickmoisan.net\/blogue\/wp-json\/wp\/v2\/posts"}],"about":[{"href":"https:\/\/www.patrickmoisan.net\/blogue\/wp-json\/wp\/v2\/types\/post"}],"author":[{"embeddable":true,"href":"https:\/\/www.patrickmoisan.net\/blogue\/wp-json\/wp\/v2\/users\/2"}],"replies":[{"embeddable":true,"href":"https:\/\/www.patrickmoisan.net\/blogue\/wp-json\/wp\/v2\/comments?post=69"}],"version-history":[{"count":2,"href":"https:\/\/www.patrickmoisan.net\/blogue\/wp-json\/wp\/v2\/posts\/69\/revisions"}],"predecessor-version":[{"id":230,"href":"https:\/\/www.patrickmoisan.net\/blogue\/wp-json\/wp\/v2\/posts\/69\/revisions\/230"}],"wp:attachment":[{"href":"https:\/\/www.patrickmoisan.net\/blogue\/wp-json\/wp\/v2\/media?parent=69"}],"wp:term":[{"taxonomy":"category","embeddable":true,"href":"https:\/\/www.patrickmoisan.net\/blogue\/wp-json\/wp\/v2\/categories?post=69"},{"taxonomy":"post_tag","embeddable":true,"href":"https:\/\/www.patrickmoisan.net\/blogue\/wp-json\/wp\/v2\/tags?post=69"}],"curies":[{"name":"wp","href":"https:\/\/api.w.org\/{rel}","templated":true}]}}