{"id":55,"date":"2004-07-01T21:53:27","date_gmt":"2004-07-01T21:53:27","guid":{"rendered":"http:\/\/www.patrickmoisan.net\/blogue\/?p=55"},"modified":"2011-08-03T20:06:30","modified_gmt":"2011-08-04T00:06:30","slug":"poste-de-professeur-suppleant-uqtr-didactique-des-maths-au-primaire","status":"publish","type":"post","link":"https:\/\/www.patrickmoisan.net\/blogue\/2004\/07\/01\/poste-de-professeur-suppleant-uqtr-didactique-des-maths-au-primaire\/","title":{"rendered":"Poste de professeur suppl\u00e9ant (UQTR &#8211; Didactique des maths au primaire)"},"content":{"rendered":"<p>Re\u00e7u aujourd&rsquo;hui sur la liste d&rsquo;envois du GDM\u00a0:<\/p>\n<p>Poste de professeur suppl\u00e9ant en didactique des math\u00e9matiques au primaire et en adaptation scolaire (poste offert aux femmes et aux hommes).<\/p>\n<p>Exigence: Doctorat en didactique des math\u00e9matiques ou en voie d&rsquo;obtention.<\/p>\n<p>Exp\u00e9riences de travail: Enseignement au primaire ou au 1er cycle du secondaire et exp\u00e9rience en enseignement et en recherche en milieu universitaire.<\/p>\n<p>Exp\u00e9rience particuli\u00e8re: Exp\u00e9rience aupr\u00e8s d&rsquo;\u00e9l\u00e8ves en difficult\u00e9 d&rsquo;apprentissage et en r\u00e9int\u00e9gration.<\/p>\n<p>Dur\u00e9e du contrat: du 1er a\u00f4ut 2004 au 31 mai 2005.<\/p>\n<p>Traitement: Selon la convention collective des professeurs et professeures.<\/p>\n<p>Veuillez faire parvenir par \u00e9crit votre candidature accompagn\u00e9e de deux (2) copies du curriculum vitae avant 17h, le 12 juillet 2004 \u00e0:<\/p>\n<p>M. Eric Hamelin, directeur Service de la gestion des personnels Universit\u00e9 du Qu\u00e9bec \u00e0 Trois-Rivi\u00e8res 3351 boul. des Forges C.P. 500 Trois-Rivi\u00e8res, (Qu\u00e9bec) G9A 5H7.<\/p>\n","protected":false},"excerpt":{"rendered":"<p>Re\u00e7u aujourd&rsquo;hui sur la liste d&rsquo;envois du GDM\u00a0: Poste de professeur suppl\u00e9ant en didactique des math\u00e9matiques au primaire et en adaptation scolaire (poste offert aux femmes et aux hommes). Exigence: Doctorat en didactique des math\u00e9matiques ou en voie d&rsquo;obtention. Exp\u00e9riences de travail: Enseignement au primaire ou au 1er cycle du secondaire et exp\u00e9rience en enseignement &hellip; <a href=\"https:\/\/www.patrickmoisan.net\/blogue\/2004\/07\/01\/poste-de-professeur-suppleant-uqtr-didactique-des-maths-au-primaire\/\" class=\"more-link\">Continuer la lecture<span class=\"screen-reader-text\"> de &laquo;&nbsp;Poste de professeur suppl\u00e9ant (UQTR &#8211; Didactique des maths au primaire)&nbsp;&raquo;<\/span><\/a><\/p>\n","protected":false},"author":2,"featured_media":0,"comment_status":"open","ping_status":"open","sticky":false,"template":"","format":"standard","meta":{"footnotes":""},"categories":[15,8],"tags":[],"class_list":["post-55","post","type-post","status-publish","format-standard","hentry","category-archive-matheux-curieux","category-enseignement-maths"],"_links":{"self":[{"href":"https:\/\/www.patrickmoisan.net\/blogue\/wp-json\/wp\/v2\/posts\/55","targetHints":{"allow":["GET"]}}],"collection":[{"href":"https:\/\/www.patrickmoisan.net\/blogue\/wp-json\/wp\/v2\/posts"}],"about":[{"href":"https:\/\/www.patrickmoisan.net\/blogue\/wp-json\/wp\/v2\/types\/post"}],"author":[{"embeddable":true,"href":"https:\/\/www.patrickmoisan.net\/blogue\/wp-json\/wp\/v2\/users\/2"}],"replies":[{"embeddable":true,"href":"https:\/\/www.patrickmoisan.net\/blogue\/wp-json\/wp\/v2\/comments?post=55"}],"version-history":[{"count":2,"href":"https:\/\/www.patrickmoisan.net\/blogue\/wp-json\/wp\/v2\/posts\/55\/revisions"}],"predecessor-version":[{"id":364,"href":"https:\/\/www.patrickmoisan.net\/blogue\/wp-json\/wp\/v2\/posts\/55\/revisions\/364"}],"wp:attachment":[{"href":"https:\/\/www.patrickmoisan.net\/blogue\/wp-json\/wp\/v2\/media?parent=55"}],"wp:term":[{"taxonomy":"category","embeddable":true,"href":"https:\/\/www.patrickmoisan.net\/blogue\/wp-json\/wp\/v2\/categories?post=55"},{"taxonomy":"post_tag","embeddable":true,"href":"https:\/\/www.patrickmoisan.net\/blogue\/wp-json\/wp\/v2\/tags?post=55"}],"curies":[{"name":"wp","href":"https:\/\/api.w.org\/{rel}","templated":true}]}}