{"id":112,"date":"2005-04-16T18:04:58","date_gmt":"2005-04-16T18:04:58","guid":{"rendered":"http:\/\/www.patrickmoisan.net\/blogue\/?p=112"},"modified":"2011-08-03T18:45:12","modified_gmt":"2011-08-03T22:45:12","slug":"le-vatican-et-lere-de-la-technologie","status":"publish","type":"post","link":"https:\/\/www.patrickmoisan.net\/blogue\/2005\/04\/16\/le-vatican-et-lere-de-la-technologie\/","title":{"rendered":"Le Vatican et l&rsquo;\u00e8re de la technologie"},"content":{"rendered":"<p>Il n&rsquo;y a pas que l&rsquo;industrie de la musique qui doit revoir ses fa\u00e7ons de faire, le Vatican aussi.<\/p>\n<blockquote><p>Malgr\u00e9 le serment, les autorit\u00e9s vaticanes craignent des fuites. La technologie, qui a beaucoup \u00e9volu\u00e9 depuis le dernier conclave, il y a 26 ans, menace aussi la confidentialit\u00e9 du conclave. Des appareils ultrasophistiqu\u00e9s d&rsquo;espionnage peuvent capter les conversations au conclave ou dans la chapelle Sixtine. Un transmetteur minuscule peut notamment \u00eatre plac\u00e9 dans un stylo, un portable, une prise \u00e9lectrique ou un cierge, voire sous la croix d&rsquo;un cardinal. Des microphones laser peuvent aussi capter des conversations \u00e0 500 m\u00e8tres de distance. Les experts devront passer les zones de r\u00e9union au peigne fin.<\/p><\/blockquote>\n<p>Source\u00a0: <a href=\"http:\/\/www.radio-canada.ca\/nouvelles\/International\/nouvelles\/200504\/15\/008-Serment-Personnel-Vatican.shtml\">Radio-Canada<\/a><\/p>\n","protected":false},"excerpt":{"rendered":"<p>Il n&rsquo;y a pas que l&rsquo;industrie de la musique qui doit revoir ses fa\u00e7ons de faire, le Vatican aussi. Malgr\u00e9 le serment, les autorit\u00e9s vaticanes craignent des fuites. La technologie, qui a beaucoup \u00e9volu\u00e9 depuis le dernier conclave, il y a 26 ans, menace aussi la confidentialit\u00e9 du conclave. Des appareils ultrasophistiqu\u00e9s d&rsquo;espionnage peuvent capter &hellip; <a href=\"https:\/\/www.patrickmoisan.net\/blogue\/2005\/04\/16\/le-vatican-et-lere-de-la-technologie\/\" class=\"more-link\">Continuer la lecture<span class=\"screen-reader-text\"> de &laquo;&nbsp;Le Vatican et l&rsquo;\u00e8re de la technologie&nbsp;&raquo;<\/span><\/a><\/p>\n","protected":false},"author":2,"featured_media":0,"comment_status":"open","ping_status":"open","sticky":false,"template":"","format":"standard","meta":{"footnotes":""},"categories":[15,10,5],"tags":[],"class_list":["post-112","post","type-post","status-publish","format-standard","hentry","category-archive-matheux-curieux","category-societe","category-technologie"],"_links":{"self":[{"href":"https:\/\/www.patrickmoisan.net\/blogue\/wp-json\/wp\/v2\/posts\/112","targetHints":{"allow":["GET"]}}],"collection":[{"href":"https:\/\/www.patrickmoisan.net\/blogue\/wp-json\/wp\/v2\/posts"}],"about":[{"href":"https:\/\/www.patrickmoisan.net\/blogue\/wp-json\/wp\/v2\/types\/post"}],"author":[{"embeddable":true,"href":"https:\/\/www.patrickmoisan.net\/blogue\/wp-json\/wp\/v2\/users\/2"}],"replies":[{"embeddable":true,"href":"https:\/\/www.patrickmoisan.net\/blogue\/wp-json\/wp\/v2\/comments?post=112"}],"version-history":[{"count":2,"href":"https:\/\/www.patrickmoisan.net\/blogue\/wp-json\/wp\/v2\/posts\/112\/revisions"}],"predecessor-version":[{"id":242,"href":"https:\/\/www.patrickmoisan.net\/blogue\/wp-json\/wp\/v2\/posts\/112\/revisions\/242"}],"wp:attachment":[{"href":"https:\/\/www.patrickmoisan.net\/blogue\/wp-json\/wp\/v2\/media?parent=112"}],"wp:term":[{"taxonomy":"category","embeddable":true,"href":"https:\/\/www.patrickmoisan.net\/blogue\/wp-json\/wp\/v2\/categories?post=112"},{"taxonomy":"post_tag","embeddable":true,"href":"https:\/\/www.patrickmoisan.net\/blogue\/wp-json\/wp\/v2\/tags?post=112"}],"curies":[{"name":"wp","href":"https:\/\/api.w.org\/{rel}","templated":true}]}}