{"id":101,"date":"2005-02-18T22:36:50","date_gmt":"2005-02-18T22:36:50","guid":{"rendered":"http:\/\/www.patrickmoisan.net\/blogue\/?p=101"},"modified":"2011-08-03T19:59:40","modified_gmt":"2011-08-03T23:59:40","slug":"albert-jacquard-societe-gatineau-monde-et-cite-educative","status":"publish","type":"post","link":"https:\/\/www.patrickmoisan.net\/blogue\/2005\/02\/18\/albert-jacquard-societe-gatineau-monde-et-cite-educative\/","title":{"rendered":"Albert Jacquard, Soci\u00e9t\u00e9 Gatineau Monde et \u00abCit\u00e9 \u00e9ducative\u00bb"},"content":{"rendered":"<p>\u00c0 la lecture d&rsquo;un billet de <a href=\"http:\/\/www.marie-elaine.net\/blog\/index.php?2005\/02\/18\/10-albert-jacquard\">La Fouine<\/a>, j&rsquo;apprends que le grand homme qu&rsquo;est Albert Jacquard prononcera une <a href=\"http:\/\/www.gatineaumonde.com\/conferences.html\">conf\u00e9rence<\/a> intitul\u00e9e \u00abL&rsquo;h\u00e9ritage de la vie\u00a0: Du temps individuel au temps collectif\u00bb le jeudi 12 mai 2005 \u00e0 l&rsquo;auditorium du C\u00e9gep de l\u00b4Outaouais. C&rsquo;est une belle occasion \u00e0 ne pas manquer. Je compte bien tenter d&rsquo;y assister.<\/p>\n<p>Dans son billet, La Fouine indique \u00e9galement que cette conf\u00e9rence est organis\u00e9e par la <a href=\"http:\/\/www.gatineaumonde.com\">Soci\u00e9t\u00e9 Gatineau Monde<\/a>. Un peu intrigu\u00e9, je clique donc sur le lien menant au site web de la dite \u00abSoci\u00e9t\u00e9\u00bb afin d&rsquo;en apprendre davantage et ainsi satisfaire ma curiosit\u00e9.<\/p>\n<blockquote><p>La Soci\u00e9t\u00e9 Gatineau Monde (SGM) est une initiative de citoyennes et de citoyens soucieux d&rsquo;enrichir la vie culturelle et intellectuelle de l\u2019Outaouais. \u00catre \u00e0 l\u2019aff\u00fbt des id\u00e9es novatrices est une n\u00e9cessit\u00e9 dans une soci\u00e9t\u00e9 changeante et troubl\u00e9e. C\u2019est aussi un plaisir qui se partage, comme vous le savez, vous qui aimez r\u00e9fl\u00e9chir et d\u00e9battre d&rsquo;id\u00e9es. La SGM se donne pour mission d\u2019animer l\u2019espace public en offrant l\u2019occasion aux gens de toute la r\u00e9gion de dialoguer avec des penseurs, des humanistes d\u2019ici et d\u2019ailleurs qui savent cerner les enjeux de notre \u00e9poque et nous les faire comprendre.<\/p><\/blockquote>\n<p>Je ne sais pas pourquoi, mais j&rsquo;ai la vive impression que cela int\u00e9resserait un certain <a href=\"http:\/\/carnets.ixmedia.com\/remolino\/\">Remolino<\/a> constamment \u00e0 la recherche de nouvelles briques pour construire son projet de cit\u00e9 \u00e9ducative. Je dis cela comme \u00e7a, en passant, ce n&rsquo;est qu&rsquo;une impression \ud83d\ude09<\/p>\n","protected":false},"excerpt":{"rendered":"<p>\u00c0 la lecture d&rsquo;un billet de La Fouine, j&rsquo;apprends que le grand homme qu&rsquo;est Albert Jacquard prononcera une conf\u00e9rence intitul\u00e9e \u00abL&rsquo;h\u00e9ritage de la vie\u00a0: Du temps individuel au temps collectif\u00bb le jeudi 12 mai 2005 \u00e0 l&rsquo;auditorium du C\u00e9gep de l\u00b4Outaouais. C&rsquo;est une belle occasion \u00e0 ne pas manquer. Je compte bien tenter d&rsquo;y assister. &hellip; <a href=\"https:\/\/www.patrickmoisan.net\/blogue\/2005\/02\/18\/albert-jacquard-societe-gatineau-monde-et-cite-educative\/\" class=\"more-link\">Continuer la lecture<span class=\"screen-reader-text\"> de &laquo;&nbsp;Albert Jacquard, Soci\u00e9t\u00e9 Gatineau Monde et \u00abCit\u00e9 \u00e9ducative\u00bb&nbsp;&raquo;<\/span><\/a><\/p>\n","protected":false},"author":2,"featured_media":0,"comment_status":"open","ping_status":"open","sticky":false,"template":"","format":"standard","meta":{"footnotes":""},"categories":[15,10],"tags":[],"class_list":["post-101","post","type-post","status-publish","format-standard","hentry","category-archive-matheux-curieux","category-societe"],"_links":{"self":[{"href":"https:\/\/www.patrickmoisan.net\/blogue\/wp-json\/wp\/v2\/posts\/101","targetHints":{"allow":["GET"]}}],"collection":[{"href":"https:\/\/www.patrickmoisan.net\/blogue\/wp-json\/wp\/v2\/posts"}],"about":[{"href":"https:\/\/www.patrickmoisan.net\/blogue\/wp-json\/wp\/v2\/types\/post"}],"author":[{"embeddable":true,"href":"https:\/\/www.patrickmoisan.net\/blogue\/wp-json\/wp\/v2\/users\/2"}],"replies":[{"embeddable":true,"href":"https:\/\/www.patrickmoisan.net\/blogue\/wp-json\/wp\/v2\/comments?post=101"}],"version-history":[{"count":2,"href":"https:\/\/www.patrickmoisan.net\/blogue\/wp-json\/wp\/v2\/posts\/101\/revisions"}],"predecessor-version":[{"id":318,"href":"https:\/\/www.patrickmoisan.net\/blogue\/wp-json\/wp\/v2\/posts\/101\/revisions\/318"}],"wp:attachment":[{"href":"https:\/\/www.patrickmoisan.net\/blogue\/wp-json\/wp\/v2\/media?parent=101"}],"wp:term":[{"taxonomy":"category","embeddable":true,"href":"https:\/\/www.patrickmoisan.net\/blogue\/wp-json\/wp\/v2\/categories?post=101"},{"taxonomy":"post_tag","embeddable":true,"href":"https:\/\/www.patrickmoisan.net\/blogue\/wp-json\/wp\/v2\/tags?post=101"}],"curies":[{"name":"wp","href":"https:\/\/api.w.org\/{rel}","templated":true}]}}